{"id":21913,"date":"2020-04-30T10:44:12","date_gmt":"2020-04-30T09:44:12","guid":{"rendered":"https:\/\/www.spreewaldmarathon.de\/wpswm\/?p=21913"},"modified":"2020-12-19T17:04:48","modified_gmt":"2020-12-19T16:04:48","slug":"adi-und-wir-danken-fuer-euer-verstaendnis","status":"publish","type":"post","link":"https:\/\/spreewaldmarathon.de\/wpswm\/adi-und-wir-danken-fuer-euer-verstaendnis\/","title":{"rendered":"ADI und wir danken f\u00fcr Euer Verst\u00e4ndnis"},"content":{"rendered":"\n<p class=\"has-small-font-size\">ADI (Gerhard Adolph) ist traditionell unser Hauptmoderator beim Spreewaldmarathon.<\/p>\n\n\n\n<h5 class=\"wp-block-heading\">Liebe Sportfreunde, Helfer und Mitstreiter des Spreewaldmarathons,<\/h5>\n\n\n\n<p>der Fr\u00fchling entfaltet unaufhaltsam seine Schwingen. Eigentlich eine Zeit, um sportliche Aktivit\u00e4ten nach drau\u00dfen zu verlegen und im Kreise seiner Freunde und Familie am 18. Spreewaldmarathon vom 16.- 19. April 2020 teilzunehmen. Leider kam es in diesem Jahr anders, als wir es uns \u00fcberhaupt vorstellen konnten.<br><br>L\u00e4ngst in den letzten Vorbereitungen, mit Liebe zum Detail, traf uns die amtliche Absage unserer Veranstaltung aufgrund der Corona-Pandemie schwer. Wir brauchten ein paar Tage, um diese Situation nur ansatzweise f\u00fcr uns zu realisieren.<\/p>\n\n\n\n<p>Wir w\u00e4ren nicht die Organisatoren der gr\u00f6\u00dften Breitensportveranstaltung Brandenburgs, wenn uns selbst in solch einer Krisensituation nicht etwas einf\u00e4llt, um das Erlebnis&nbsp;<em>Spreewaldmarathon<\/em>&nbsp;in Eure Wohnzimmer zu bekommen.<\/p>\n\n\n\n<p>Wir bedanken uns in diesem Zusammenhang herzlich bei allen Sportlerinnen und Sportlern f\u00fcr die vielen aufbauenden Worte, dem entgegengebrachten Vertrauen und Verst\u00e4ndnis, von Herzen kommende Nachrichten, die uns Mut machen, nach vorn zu schauen.<\/p>\n\n\n\n<p>Das Organisationsteam mit den vielen, vielen Helfern m\u00f6chte auch weiterhin f\u00fcr Euch da sein.<\/p>\n\n\n\n<p><strong>Der Spreewaldmarathon geht demn\u00e4chst online!<\/strong><br>Laufen, Radeln, Wandern, Walken oder Skaten?<br>Jeder wie er es m\u00f6chte und wo er es m\u00f6chte, Sport macht gute Laune und hilft Krisen zu \u00fcberwinden, auch Corona. Der Corona-Virus kann uns zwar in eine r\u00e4umliche Distanz zwingen, aber gegen eine gef\u00fchlte Gemeinsamkeit kommt er nicht an.<\/p>\n\n\n\n<p>In der n\u00e4chsten Woche startet unser virtueller 18. Spreewaldmarathon 2020. Bitte treibt Sport und haltet Euch gesund! <br>In einigen Wochen wird der krisengesch\u00fcttelte Spreewaldmarathon 2020 hoffentlich Geschichte sein.<\/p>\n\n\n\n<p>Wir schauen in die Zukunft und werden gemeinsam mit \u00fcber 500 Helfern beim kommenden Spreewaldmarathon vom&nbsp;<strong>15.-18. April 2021&nbsp;<\/strong>\u00fcber 16.000 Medaillen, Startnummern, Urkunden, 30.000 Spreewaldgurken, 40.000 handgeschmierte Stullen, 3500 selbstgemachte Hefeplinse, 5000 Liter Krombacher 0,0% alkoholfrei und vieles mehr an insgesamt 8 Startorten und 25 Verpflegungspunkten f\u00fcr Euch bereithalten.<\/p>\n\n\n\n<p><strong>Auf die Gurke, fertig, los!<\/strong><br>Bleibt gesund und sch\u00f6n zu Hause!<\/p>\n\n\n\n<p>ADI und Eurer Organisationsteam Spreewaldmarathon<\/p>\n","protected":false},"excerpt":{"rendered":"<p>ADI (Gerhard Adolph) ist traditionell unser Hauptmoderator beim Spreewaldmarathon. Liebe Sportfreunde, Helfer und Mitstreiter des Spreewaldmarathons, der Fr\u00fchling entfaltet unaufhaltsam seine Schwingen. Eigentlich eine Zeit, um sportliche Aktivit\u00e4ten nach drau\u00dfen zu verlegen und im Kreise seiner Freunde und Familie am 18. Spreewaldmarathon vom 16.- 19. April 2020 teilzunehmen. Leider kam es in diesem Jahr anders, als wir es uns \u00fcberhaupt vorstellen konnten. L\u00e4ngst in den letzten Vorbereitungen, mit Liebe zum Detail, traf uns die amtliche Absage unserer Veranstaltung aufgrund der Corona-Pandemie schwer. Wir brauchten ein paar Tage, um diese Situation nur ansatzweise f\u00fcr uns zu realisieren. Wir w\u00e4ren nicht die Organisatoren der gr\u00f6\u00dften Breitensportveranstaltung Brandenburgs, wenn uns selbst in solch einer Krisensituation nicht etwas einf\u00e4llt, um das Erlebnis&nbsp;Spreewaldmarathon&nbsp;in Eure Wohnzimmer zu bekommen. Wir bedanken uns in diesem Zusammenhang herzlich bei allen Sportlerinnen und Sportlern f\u00fcr die vielen aufbauenden Worte, dem entgegengebrachten Vertrauen und Verst\u00e4ndnis, von Herzen kommende Nachrichten, die uns Mut machen, nach vorn zu schauen. Das Organisationsteam mit den vielen, vielen Helfern m\u00f6chte auch weiterhin f\u00fcr Euch da sein. Der Spreewaldmarathon geht demn\u00e4chst online!Laufen, Radeln, Wandern, Walken oder Skaten?Jeder wie er es m\u00f6chte und wo er es m\u00f6chte, Sport macht gute Laune und hilft Krisen zu \u00fcberwinden, auch Corona. [&hellip;]<\/p>\n","protected":false},"author":1,"featured_media":22093,"comment_status":"closed","ping_status":"closed","sticky":false,"template":"","format":"standard","meta":{"footnotes":""},"categories":[12],"tags":[],"class_list":["post-21913","post","type-post","status-publish","format-standard","has-post-thumbnail","hentry","category-aktuelles"],"yoast_head":"<!-- This site is optimized with the Yoast SEO plugin v25.6 - https:\/\/yoast.com\/wordpress\/plugins\/seo\/ -->\n<title>ADI und wir danken f\u00fcr Euer Verst\u00e4ndnis - SPREEWALDMARATHON<\/title>\n<meta name=\"robots\" content=\"index, follow, max-snippet:-1, max-image-preview:large, max-video-preview:-1\" \/>\n<link rel=\"canonical\" href=\"https:\/\/spreewaldmarathon.de\/wpswm\/adi-und-wir-danken-fuer-euer-verstaendnis\/\" \/>\n<meta property=\"og:locale\" content=\"de_DE\" \/>\n<meta property=\"og:type\" content=\"article\" \/>\n<meta property=\"og:title\" content=\"ADI und wir danken f\u00fcr Euer Verst\u00e4ndnis - SPREEWALDMARATHON\" \/>\n<meta property=\"og:description\" content=\"ADI (Gerhard Adolph) ist traditionell unser Hauptmoderator beim Spreewaldmarathon. Liebe Sportfreunde, Helfer und Mitstreiter des Spreewaldmarathons, der Fr\u00fchling entfaltet unaufhaltsam seine Schwingen. Eigentlich eine Zeit, um sportliche Aktivit\u00e4ten nach drau\u00dfen zu verlegen und im Kreise seiner Freunde und Familie am 18. Spreewaldmarathon vom 16.- 19. April 2020 teilzunehmen. Leider kam es in diesem Jahr anders, als wir es uns \u00fcberhaupt vorstellen konnten. L\u00e4ngst in den letzten Vorbereitungen, mit Liebe zum Detail, traf uns die amtliche Absage unserer Veranstaltung aufgrund der Corona-Pandemie schwer. Wir brauchten ein paar Tage, um diese Situation nur ansatzweise f\u00fcr uns zu realisieren. Wir w\u00e4ren nicht die Organisatoren der gr\u00f6\u00dften Breitensportveranstaltung Brandenburgs, wenn uns selbst in solch einer Krisensituation nicht etwas einf\u00e4llt, um das Erlebnis&nbsp;Spreewaldmarathon&nbsp;in Eure Wohnzimmer zu bekommen. Wir bedanken uns in diesem Zusammenhang herzlich bei allen Sportlerinnen und Sportlern f\u00fcr die vielen aufbauenden Worte, dem entgegengebrachten Vertrauen und Verst\u00e4ndnis, von Herzen kommende Nachrichten, die uns Mut machen, nach vorn zu schauen. Das Organisationsteam mit den vielen, vielen Helfern m\u00f6chte auch weiterhin f\u00fcr Euch da sein. Der Spreewaldmarathon geht demn\u00e4chst online!Laufen, Radeln, Wandern, Walken oder Skaten?Jeder wie er es m\u00f6chte und wo er es m\u00f6chte, Sport macht gute Laune und hilft Krisen zu \u00fcberwinden, auch Corona. [&hellip;]\" \/>\n<meta property=\"og:url\" content=\"https:\/\/spreewaldmarathon.de\/wpswm\/adi-und-wir-danken-fuer-euer-verstaendnis\/\" \/>\n<meta property=\"og:site_name\" content=\"SPREEWALDMARATHON\" \/>\n<meta property=\"article:publisher\" content=\"https:\/\/www.facebook.com\/SpreewaldMarathon\" \/>\n<meta property=\"article:published_time\" content=\"2020-04-30T09:44:12+00:00\" \/>\n<meta property=\"article:modified_time\" content=\"2020-12-19T16:04:48+00:00\" \/>\n<meta property=\"og:image\" content=\"https:\/\/spreewaldmarathon.de\/wpswm\/wp-content\/uploads\/Spreewaldmarathon-2019_Start_10-21-42km_0177-scaled.jpg\" \/>\n\t<meta property=\"og:image:width\" content=\"2560\" \/>\n\t<meta property=\"og:image:height\" content=\"1707\" \/>\n\t<meta property=\"og:image:type\" content=\"image\/jpeg\" \/>\n<meta name=\"author\" content=\"admin\" \/>\n<meta name=\"twitter:card\" content=\"summary_large_image\" \/>\n<meta name=\"twitter:creator\" content=\"@spreewaldmarath\" \/>\n<meta name=\"twitter:site\" content=\"@spreewaldmarath\" \/>\n<meta name=\"twitter:label1\" content=\"Verfasst von\" \/>\n\t<meta name=\"twitter:data1\" content=\"admin\" \/>\n\t<meta name=\"twitter:label2\" content=\"Gesch\u00e4tzte Lesezeit\" \/>\n\t<meta name=\"twitter:data2\" content=\"2\u00a0Minuten\" \/>\n<script type=\"application\/ld+json\" class=\"yoast-schema-graph\">{\"@context\":\"https:\/\/schema.org\",\"@graph\":[{\"@type\":\"Article\",\"@id\":\"https:\/\/spreewaldmarathon.de\/wpswm\/adi-und-wir-danken-fuer-euer-verstaendnis\/#article\",\"isPartOf\":{\"@id\":\"https:\/\/spreewaldmarathon.de\/wpswm\/adi-und-wir-danken-fuer-euer-verstaendnis\/\"},\"author\":{\"name\":\"admin\",\"@id\":\"https:\/\/spreewaldmarathon.de\/wpswm\/#\/schema\/person\/7238d5c55e69b824ae15bb904ee0d4b3\"},\"headline\":\"ADI und wir danken f\u00fcr Euer Verst\u00e4ndnis\",\"datePublished\":\"2020-04-30T09:44:12+00:00\",\"dateModified\":\"2020-12-19T16:04:48+00:00\",\"mainEntityOfPage\":{\"@id\":\"https:\/\/spreewaldmarathon.de\/wpswm\/adi-und-wir-danken-fuer-euer-verstaendnis\/\"},\"wordCount\":335,\"publisher\":{\"@id\":\"https:\/\/spreewaldmarathon.de\/wpswm\/#organization\"},\"image\":{\"@id\":\"https:\/\/spreewaldmarathon.de\/wpswm\/adi-und-wir-danken-fuer-euer-verstaendnis\/#primaryimage\"},\"thumbnailUrl\":\"https:\/\/spreewaldmarathon.de\/wpswm\/wp-content\/uploads\/Spreewaldmarathon-2019_Start_10-21-42km_0177-scaled.jpg\",\"articleSection\":[\"Aktuelles\"],\"inLanguage\":\"de\"},{\"@type\":\"WebPage\",\"@id\":\"https:\/\/spreewaldmarathon.de\/wpswm\/adi-und-wir-danken-fuer-euer-verstaendnis\/\",\"url\":\"https:\/\/spreewaldmarathon.de\/wpswm\/adi-und-wir-danken-fuer-euer-verstaendnis\/\",\"name\":\"ADI und wir danken f\u00fcr Euer Verst\u00e4ndnis - SPREEWALDMARATHON\",\"isPartOf\":{\"@id\":\"https:\/\/spreewaldmarathon.de\/wpswm\/#website\"},\"primaryImageOfPage\":{\"@id\":\"https:\/\/spreewaldmarathon.de\/wpswm\/adi-und-wir-danken-fuer-euer-verstaendnis\/#primaryimage\"},\"image\":{\"@id\":\"https:\/\/spreewaldmarathon.de\/wpswm\/adi-und-wir-danken-fuer-euer-verstaendnis\/#primaryimage\"},\"thumbnailUrl\":\"https:\/\/spreewaldmarathon.de\/wpswm\/wp-content\/uploads\/Spreewaldmarathon-2019_Start_10-21-42km_0177-scaled.jpg\",\"datePublished\":\"2020-04-30T09:44:12+00:00\",\"dateModified\":\"2020-12-19T16:04:48+00:00\",\"breadcrumb\":{\"@id\":\"https:\/\/spreewaldmarathon.de\/wpswm\/adi-und-wir-danken-fuer-euer-verstaendnis\/#breadcrumb\"},\"inLanguage\":\"de\",\"potentialAction\":[{\"@type\":\"ReadAction\",\"target\":[\"https:\/\/spreewaldmarathon.de\/wpswm\/adi-und-wir-danken-fuer-euer-verstaendnis\/\"]}]},{\"@type\":\"ImageObject\",\"inLanguage\":\"de\",\"@id\":\"https:\/\/spreewaldmarathon.de\/wpswm\/adi-und-wir-danken-fuer-euer-verstaendnis\/#primaryimage\",\"url\":\"https:\/\/spreewaldmarathon.de\/wpswm\/wp-content\/uploads\/Spreewaldmarathon-2019_Start_10-21-42km_0177-scaled.jpg\",\"contentUrl\":\"https:\/\/spreewaldmarathon.de\/wpswm\/wp-content\/uploads\/Spreewaldmarathon-2019_Start_10-21-42km_0177-scaled.jpg\",\"width\":2560,\"height\":1707},{\"@type\":\"BreadcrumbList\",\"@id\":\"https:\/\/spreewaldmarathon.de\/wpswm\/adi-und-wir-danken-fuer-euer-verstaendnis\/#breadcrumb\",\"itemListElement\":[{\"@type\":\"ListItem\",\"position\":1,\"name\":\"Home\",\"item\":\"https:\/\/spreewaldmarathon.de\/wpswm\/\"},{\"@type\":\"ListItem\",\"position\":2,\"name\":\"ADI und wir danken f\u00fcr Euer Verst\u00e4ndnis\"}]},{\"@type\":\"WebSite\",\"@id\":\"https:\/\/spreewaldmarathon.de\/wpswm\/#website\",\"url\":\"https:\/\/spreewaldmarathon.de\/wpswm\/\",\"name\":\"SPREEWALDMARATHON\",\"description\":\"Alles rund um den Spreewaldmarathon\",\"publisher\":{\"@id\":\"https:\/\/spreewaldmarathon.de\/wpswm\/#organization\"},\"potentialAction\":[{\"@type\":\"SearchAction\",\"target\":{\"@type\":\"EntryPoint\",\"urlTemplate\":\"https:\/\/spreewaldmarathon.de\/wpswm\/?s={search_term_string}\"},\"query-input\":{\"@type\":\"PropertyValueSpecification\",\"valueRequired\":true,\"valueName\":\"search_term_string\"}}],\"inLanguage\":\"de\"},{\"@type\":\"Organization\",\"@id\":\"https:\/\/spreewaldmarathon.de\/wpswm\/#organization\",\"name\":\"Lausitzer Sportevents e.V.\",\"url\":\"https:\/\/spreewaldmarathon.de\/wpswm\/\",\"logo\":{\"@type\":\"ImageObject\",\"inLanguage\":\"de\",\"@id\":\"https:\/\/spreewaldmarathon.de\/wpswm\/#\/schema\/logo\/image\/\",\"url\":\"https:\/\/spreewaldmarathon.de\/wpswm\/wp-content\/uploads\/2020\/06\/Banner_LSE-1.jpg\",\"contentUrl\":\"https:\/\/spreewaldmarathon.de\/wpswm\/wp-content\/uploads\/2020\/06\/Banner_LSE-1.jpg\",\"width\":2211,\"height\":624,\"caption\":\"Lausitzer Sportevents e.V.\"},\"image\":{\"@id\":\"https:\/\/spreewaldmarathon.de\/wpswm\/#\/schema\/logo\/image\/\"},\"sameAs\":[\"https:\/\/www.facebook.com\/SpreewaldMarathon\",\"https:\/\/x.com\/spreewaldmarath\",\"https:\/\/www.instagram.com\/spreewaldmarathon\",\"https:\/\/www.youtube.com\/results?search_query=spreewaldmarathon\",\"https:\/\/de.wikipedia.org\/wiki\/Spreewald-Marathon\"]},{\"@type\":\"Person\",\"@id\":\"https:\/\/spreewaldmarathon.de\/wpswm\/#\/schema\/person\/7238d5c55e69b824ae15bb904ee0d4b3\",\"name\":\"admin\",\"sameAs\":[\"https:\/\/spreewaldmarathon.de\/wpswm\"],\"url\":\"https:\/\/spreewaldmarathon.de\/wpswm\/author\/wpswm_chefredakteur\/\"}]}<\/script>\n<!-- \/ Yoast SEO plugin. -->","yoast_head_json":{"title":"ADI und wir danken f\u00fcr Euer Verst\u00e4ndnis - SPREEWALDMARATHON","robots":{"index":"index","follow":"follow","max-snippet":"max-snippet:-1","max-image-preview":"max-image-preview:large","max-video-preview":"max-video-preview:-1"},"canonical":"https:\/\/spreewaldmarathon.de\/wpswm\/adi-und-wir-danken-fuer-euer-verstaendnis\/","og_locale":"de_DE","og_type":"article","og_title":"ADI und wir danken f\u00fcr Euer Verst\u00e4ndnis - SPREEWALDMARATHON","og_description":"ADI (Gerhard Adolph) ist traditionell unser Hauptmoderator beim Spreewaldmarathon. Liebe Sportfreunde, Helfer und Mitstreiter des Spreewaldmarathons, der Fr\u00fchling entfaltet unaufhaltsam seine Schwingen. Eigentlich eine Zeit, um sportliche Aktivit\u00e4ten nach drau\u00dfen zu verlegen und im Kreise seiner Freunde und Familie am 18. Spreewaldmarathon vom 16.- 19. April 2020 teilzunehmen. Leider kam es in diesem Jahr anders, als wir es uns \u00fcberhaupt vorstellen konnten. L\u00e4ngst in den letzten Vorbereitungen, mit Liebe zum Detail, traf uns die amtliche Absage unserer Veranstaltung aufgrund der Corona-Pandemie schwer. Wir brauchten ein paar Tage, um diese Situation nur ansatzweise f\u00fcr uns zu realisieren. Wir w\u00e4ren nicht die Organisatoren der gr\u00f6\u00dften Breitensportveranstaltung Brandenburgs, wenn uns selbst in solch einer Krisensituation nicht etwas einf\u00e4llt, um das Erlebnis&nbsp;Spreewaldmarathon&nbsp;in Eure Wohnzimmer zu bekommen. Wir bedanken uns in diesem Zusammenhang herzlich bei allen Sportlerinnen und Sportlern f\u00fcr die vielen aufbauenden Worte, dem entgegengebrachten Vertrauen und Verst\u00e4ndnis, von Herzen kommende Nachrichten, die uns Mut machen, nach vorn zu schauen. Das Organisationsteam mit den vielen, vielen Helfern m\u00f6chte auch weiterhin f\u00fcr Euch da sein. Der Spreewaldmarathon geht demn\u00e4chst online!Laufen, Radeln, Wandern, Walken oder Skaten?Jeder wie er es m\u00f6chte und wo er es m\u00f6chte, Sport macht gute Laune und hilft Krisen zu \u00fcberwinden, auch Corona. [&hellip;]","og_url":"https:\/\/spreewaldmarathon.de\/wpswm\/adi-und-wir-danken-fuer-euer-verstaendnis\/","og_site_name":"SPREEWALDMARATHON","article_publisher":"https:\/\/www.facebook.com\/SpreewaldMarathon","article_published_time":"2020-04-30T09:44:12+00:00","article_modified_time":"2020-12-19T16:04:48+00:00","og_image":[{"width":2560,"height":1707,"url":"https:\/\/spreewaldmarathon.de\/wpswm\/wp-content\/uploads\/Spreewaldmarathon-2019_Start_10-21-42km_0177-scaled.jpg","type":"image\/jpeg"}],"author":"admin","twitter_card":"summary_large_image","twitter_creator":"@spreewaldmarath","twitter_site":"@spreewaldmarath","twitter_misc":{"Verfasst von":"admin","Gesch\u00e4tzte Lesezeit":"2\u00a0Minuten"},"schema":{"@context":"https:\/\/schema.org","@graph":[{"@type":"Article","@id":"https:\/\/spreewaldmarathon.de\/wpswm\/adi-und-wir-danken-fuer-euer-verstaendnis\/#article","isPartOf":{"@id":"https:\/\/spreewaldmarathon.de\/wpswm\/adi-und-wir-danken-fuer-euer-verstaendnis\/"},"author":{"name":"admin","@id":"https:\/\/spreewaldmarathon.de\/wpswm\/#\/schema\/person\/7238d5c55e69b824ae15bb904ee0d4b3"},"headline":"ADI und wir danken f\u00fcr Euer Verst\u00e4ndnis","datePublished":"2020-04-30T09:44:12+00:00","dateModified":"2020-12-19T16:04:48+00:00","mainEntityOfPage":{"@id":"https:\/\/spreewaldmarathon.de\/wpswm\/adi-und-wir-danken-fuer-euer-verstaendnis\/"},"wordCount":335,"publisher":{"@id":"https:\/\/spreewaldmarathon.de\/wpswm\/#organization"},"image":{"@id":"https:\/\/spreewaldmarathon.de\/wpswm\/adi-und-wir-danken-fuer-euer-verstaendnis\/#primaryimage"},"thumbnailUrl":"https:\/\/spreewaldmarathon.de\/wpswm\/wp-content\/uploads\/Spreewaldmarathon-2019_Start_10-21-42km_0177-scaled.jpg","articleSection":["Aktuelles"],"inLanguage":"de"},{"@type":"WebPage","@id":"https:\/\/spreewaldmarathon.de\/wpswm\/adi-und-wir-danken-fuer-euer-verstaendnis\/","url":"https:\/\/spreewaldmarathon.de\/wpswm\/adi-und-wir-danken-fuer-euer-verstaendnis\/","name":"ADI und wir danken f\u00fcr Euer Verst\u00e4ndnis - SPREEWALDMARATHON","isPartOf":{"@id":"https:\/\/spreewaldmarathon.de\/wpswm\/#website"},"primaryImageOfPage":{"@id":"https:\/\/spreewaldmarathon.de\/wpswm\/adi-und-wir-danken-fuer-euer-verstaendnis\/#primaryimage"},"image":{"@id":"https:\/\/spreewaldmarathon.de\/wpswm\/adi-und-wir-danken-fuer-euer-verstaendnis\/#primaryimage"},"thumbnailUrl":"https:\/\/spreewaldmarathon.de\/wpswm\/wp-content\/uploads\/Spreewaldmarathon-2019_Start_10-21-42km_0177-scaled.jpg","datePublished":"2020-04-30T09:44:12+00:00","dateModified":"2020-12-19T16:04:48+00:00","breadcrumb":{"@id":"https:\/\/spreewaldmarathon.de\/wpswm\/adi-und-wir-danken-fuer-euer-verstaendnis\/#breadcrumb"},"inLanguage":"de","potentialAction":[{"@type":"ReadAction","target":["https:\/\/spreewaldmarathon.de\/wpswm\/adi-und-wir-danken-fuer-euer-verstaendnis\/"]}]},{"@type":"ImageObject","inLanguage":"de","@id":"https:\/\/spreewaldmarathon.de\/wpswm\/adi-und-wir-danken-fuer-euer-verstaendnis\/#primaryimage","url":"https:\/\/spreewaldmarathon.de\/wpswm\/wp-content\/uploads\/Spreewaldmarathon-2019_Start_10-21-42km_0177-scaled.jpg","contentUrl":"https:\/\/spreewaldmarathon.de\/wpswm\/wp-content\/uploads\/Spreewaldmarathon-2019_Start_10-21-42km_0177-scaled.jpg","width":2560,"height":1707},{"@type":"BreadcrumbList","@id":"https:\/\/spreewaldmarathon.de\/wpswm\/adi-und-wir-danken-fuer-euer-verstaendnis\/#breadcrumb","itemListElement":[{"@type":"ListItem","position":1,"name":"Home","item":"https:\/\/spreewaldmarathon.de\/wpswm\/"},{"@type":"ListItem","position":2,"name":"ADI und wir danken f\u00fcr Euer Verst\u00e4ndnis"}]},{"@type":"WebSite","@id":"https:\/\/spreewaldmarathon.de\/wpswm\/#website","url":"https:\/\/spreewaldmarathon.de\/wpswm\/","name":"SPREEWALDMARATHON","description":"Alles rund um den Spreewaldmarathon","publisher":{"@id":"https:\/\/spreewaldmarathon.de\/wpswm\/#organization"},"potentialAction":[{"@type":"SearchAction","target":{"@type":"EntryPoint","urlTemplate":"https:\/\/spreewaldmarathon.de\/wpswm\/?s={search_term_string}"},"query-input":{"@type":"PropertyValueSpecification","valueRequired":true,"valueName":"search_term_string"}}],"inLanguage":"de"},{"@type":"Organization","@id":"https:\/\/spreewaldmarathon.de\/wpswm\/#organization","name":"Lausitzer Sportevents e.V.","url":"https:\/\/spreewaldmarathon.de\/wpswm\/","logo":{"@type":"ImageObject","inLanguage":"de","@id":"https:\/\/spreewaldmarathon.de\/wpswm\/#\/schema\/logo\/image\/","url":"https:\/\/spreewaldmarathon.de\/wpswm\/wp-content\/uploads\/2020\/06\/Banner_LSE-1.jpg","contentUrl":"https:\/\/spreewaldmarathon.de\/wpswm\/wp-content\/uploads\/2020\/06\/Banner_LSE-1.jpg","width":2211,"height":624,"caption":"Lausitzer Sportevents e.V."},"image":{"@id":"https:\/\/spreewaldmarathon.de\/wpswm\/#\/schema\/logo\/image\/"},"sameAs":["https:\/\/www.facebook.com\/SpreewaldMarathon","https:\/\/x.com\/spreewaldmarath","https:\/\/www.instagram.com\/spreewaldmarathon","https:\/\/www.youtube.com\/results?search_query=spreewaldmarathon","https:\/\/de.wikipedia.org\/wiki\/Spreewald-Marathon"]},{"@type":"Person","@id":"https:\/\/spreewaldmarathon.de\/wpswm\/#\/schema\/person\/7238d5c55e69b824ae15bb904ee0d4b3","name":"admin","sameAs":["https:\/\/spreewaldmarathon.de\/wpswm"],"url":"https:\/\/spreewaldmarathon.de\/wpswm\/author\/wpswm_chefredakteur\/"}]}},"_links":{"self":[{"href":"https:\/\/spreewaldmarathon.de\/wpswm\/wp-json\/wp\/v2\/posts\/21913"}],"collection":[{"href":"https:\/\/spreewaldmarathon.de\/wpswm\/wp-json\/wp\/v2\/posts"}],"about":[{"href":"https:\/\/spreewaldmarathon.de\/wpswm\/wp-json\/wp\/v2\/types\/post"}],"author":[{"embeddable":true,"href":"https:\/\/spreewaldmarathon.de\/wpswm\/wp-json\/wp\/v2\/users\/1"}],"replies":[{"embeddable":true,"href":"https:\/\/spreewaldmarathon.de\/wpswm\/wp-json\/wp\/v2\/comments?post=21913"}],"version-history":[{"count":4,"href":"https:\/\/spreewaldmarathon.de\/wpswm\/wp-json\/wp\/v2\/posts\/21913\/revisions"}],"predecessor-version":[{"id":22374,"href":"https:\/\/spreewaldmarathon.de\/wpswm\/wp-json\/wp\/v2\/posts\/21913\/revisions\/22374"}],"wp:featuredmedia":[{"embeddable":true,"href":"https:\/\/spreewaldmarathon.de\/wpswm\/wp-json\/wp\/v2\/media\/22093"}],"wp:attachment":[{"href":"https:\/\/spreewaldmarathon.de\/wpswm\/wp-json\/wp\/v2\/media?parent=21913"}],"wp:term":[{"taxonomy":"category","embeddable":true,"href":"https:\/\/spreewaldmarathon.de\/wpswm\/wp-json\/wp\/v2\/categories?post=21913"},{"taxonomy":"post_tag","embeddable":true,"href":"https:\/\/spreewaldmarathon.de\/wpswm\/wp-json\/wp\/v2\/tags?post=21913"}],"curies":[{"name":"wp","href":"https:\/\/api.w.org\/{rel}","templated":true}]}}