{"id":21909,"date":"2019-04-28T10:32:55","date_gmt":"2019-04-28T09:32:55","guid":{"rendered":"https:\/\/www.spreewaldmarathon.de\/wpswm\/?p=21909"},"modified":"2020-12-14T10:00:36","modified_gmt":"2020-12-14T09:00:36","slug":"ministerpraesident-woidke-gibt-den-startschuss-zum-17-spreewald-marathon","status":"publish","type":"post","link":"https:\/\/spreewaldmarathon.de\/wpswm\/ministerpraesident-woidke-gibt-den-startschuss-zum-17-spreewald-marathon\/","title":{"rendered":"Brandenburgs Ministerpr\u00e4sident Dietmar Woidke gibt Startschuss zum 17. Spreewaldmarathon 2019"},"content":{"rendered":"\n<p>Schon viele Jahre unterst\u00fctzt die Staatskanzlei Potsdam den Spreewaldmarathon und somit die gr\u00f6\u00dfte Breitensportveranstaltung im Land Brandenburg. Der Ministerpr\u00e4sidt des Landes Brandenburg, Dietmar Woidke hat am 28. April 2019, um 10.30 Uhr den Startschuss zum 17. Spreewaldmarathon gegeben. <\/p>\n\n\n\n<p>Nur durch die Unterst\u00fctzung der Staatskanzlei und des Ministeriums f\u00fcr Bildung, Jugend und Sport, sowie der 3 Spreewald-Sparkassen ist es \u00fcberhaupt m\u00f6glich den Spreewaldmarathon mit seinem umfangreichen Programm durchzuf\u00fchren. Mit den derzeitigen Startgeb\u00fchren w\u00e4re eine Durchf\u00fchrung kostendeckend undenkbar. <\/p>\n\n\n\n<p>Es vergeht kein Jahr, in dem nicht durch zus\u00e4tzliche Auflagen der \u00c4mter neue Gelder notwendig sind, um deren &#8222;W\u00fcnsche&#8220; zu erf\u00fcllen. So steigen allein in diesem Jahr die Kosten f\u00fcr die medizinische Absicherung auf fast das Dreifache. Keiner der \u00c4mter fragt woher das Geld daf\u00fcr kommt! Dies ist nur ein Beispiel der Kostenexplosion.<\/p>\n\n\n\n<figure class=\"wp-block-image size-large is-resized\"><img loading=\"lazy\" decoding=\"async\" src=\"https:\/\/spreewaldmarathon.de\/wpswm\/wp-content\/uploads\/Spreewaldmarathon-2019-Startschuss-durch-Ministerpraesident-Dietmar-Woidke-753x1024.png\" alt=\"\" class=\"wp-image-22153\" width=\"377\" height=\"512\" srcset=\"https:\/\/spreewaldmarathon.de\/wpswm\/wp-content\/uploads\/Spreewaldmarathon-2019-Startschuss-durch-Ministerpraesident-Dietmar-Woidke-753x1024.png 753w, https:\/\/spreewaldmarathon.de\/wpswm\/wp-content\/uploads\/Spreewaldmarathon-2019-Startschuss-durch-Ministerpraesident-Dietmar-Woidke-221x300.png 221w, https:\/\/spreewaldmarathon.de\/wpswm\/wp-content\/uploads\/Spreewaldmarathon-2019-Startschuss-durch-Ministerpraesident-Dietmar-Woidke-768x1044.png 768w, https:\/\/spreewaldmarathon.de\/wpswm\/wp-content\/uploads\/Spreewaldmarathon-2019-Startschuss-durch-Ministerpraesident-Dietmar-Woidke.png 1030w\" sizes=\"(max-width: 377px) 100vw, 377px\" \/><\/figure>\n\n\n\n<figure class=\"wp-block-image size-large\"><img loading=\"lazy\" decoding=\"async\" width=\"1024\" height=\"682\" src=\"https:\/\/spreewaldmarathon.de\/wpswm\/wp-content\/uploads\/Spreewaldmarathon-2019_Start_10-21-42km-1024x682.png\" alt=\"\" class=\"wp-image-22154\" srcset=\"https:\/\/spreewaldmarathon.de\/wpswm\/wp-content\/uploads\/Spreewaldmarathon-2019_Start_10-21-42km-1024x682.png 1024w, https:\/\/spreewaldmarathon.de\/wpswm\/wp-content\/uploads\/Spreewaldmarathon-2019_Start_10-21-42km-300x200.png 300w, https:\/\/spreewaldmarathon.de\/wpswm\/wp-content\/uploads\/Spreewaldmarathon-2019_Start_10-21-42km-768x512.png 768w, https:\/\/spreewaldmarathon.de\/wpswm\/wp-content\/uploads\/Spreewaldmarathon-2019_Start_10-21-42km-600x400.png 600w, https:\/\/spreewaldmarathon.de\/wpswm\/wp-content\/uploads\/Spreewaldmarathon-2019_Start_10-21-42km.png 1400w\" sizes=\"(max-width: 1024px) 100vw, 1024px\" \/><\/figure>\n\n\n\n<figure class=\"wp-block-image size-large\"><img loading=\"lazy\" decoding=\"async\" width=\"1024\" height=\"683\" src=\"https:\/\/spreewaldmarathon.de\/wpswm\/wp-content\/uploads\/Start-zum-17-Spreewaldmarathon-1024x683.jpg\" alt=\"\" class=\"wp-image-22149\" srcset=\"https:\/\/spreewaldmarathon.de\/wpswm\/wp-content\/uploads\/Start-zum-17-Spreewaldmarathon-1024x683.jpg 1024w, https:\/\/spreewaldmarathon.de\/wpswm\/wp-content\/uploads\/Start-zum-17-Spreewaldmarathon-300x200.jpg 300w, https:\/\/spreewaldmarathon.de\/wpswm\/wp-content\/uploads\/Start-zum-17-Spreewaldmarathon-768x512.jpg 768w, https:\/\/spreewaldmarathon.de\/wpswm\/wp-content\/uploads\/Start-zum-17-Spreewaldmarathon-1536x1024.jpg 1536w, https:\/\/spreewaldmarathon.de\/wpswm\/wp-content\/uploads\/Start-zum-17-Spreewaldmarathon-2048x1365.jpg 2048w, https:\/\/spreewaldmarathon.de\/wpswm\/wp-content\/uploads\/Start-zum-17-Spreewaldmarathon-600x400.jpg 600w\" sizes=\"(max-width: 1024px) 100vw, 1024px\" \/><\/figure>\n","protected":false},"excerpt":{"rendered":"<p>Schon viele Jahre unterst\u00fctzt die Staatskanzlei Potsdam den Spreewaldmarathon und somit die gr\u00f6\u00dfte Breitensportveranstaltung im Land Brandenburg. Der Ministerpr\u00e4sidt des Landes Brandenburg, Dietmar Woidke hat am 28. April 2019, um 10.30 Uhr den Startschuss zum 17. Spreewaldmarathon gegeben. Nur durch die Unterst\u00fctzung der Staatskanzlei und des Ministeriums f\u00fcr Bildung, Jugend und Sport, sowie der 3 Spreewald-Sparkassen ist es \u00fcberhaupt m\u00f6glich den Spreewaldmarathon mit seinem umfangreichen Programm durchzuf\u00fchren. Mit den derzeitigen Startgeb\u00fchren w\u00e4re eine Durchf\u00fchrung kostendeckend undenkbar. Es vergeht kein Jahr, in dem nicht durch zus\u00e4tzliche Auflagen der \u00c4mter neue Gelder notwendig sind, um deren &#8222;W\u00fcnsche&#8220; zu erf\u00fcllen. So steigen allein in diesem Jahr die Kosten f\u00fcr die medizinische Absicherung auf fast das Dreifache. Keiner der \u00c4mter fragt woher das Geld daf\u00fcr kommt! Dies ist nur ein Beispiel der Kostenexplosion.<\/p>\n","protected":false},"author":1,"featured_media":22148,"comment_status":"closed","ping_status":"closed","sticky":false,"template":"","format":"standard","meta":{"footnotes":""},"categories":[12,13],"tags":[],"class_list":["post-21909","post","type-post","status-publish","format-standard","has-post-thumbnail","hentry","category-aktuelles","category-rueckblicke"],"yoast_head":"<!-- This site is optimized with the Yoast SEO plugin v25.6 - https:\/\/yoast.com\/wordpress\/plugins\/seo\/ -->\n<title>Brandenburgs Ministerpr\u00e4sident Dietmar Woidke gibt Startschuss zum 17. Spreewaldmarathon 2019 - SPREEWALDMARATHON<\/title>\n<meta name=\"robots\" content=\"index, follow, max-snippet:-1, max-image-preview:large, max-video-preview:-1\" \/>\n<link rel=\"canonical\" href=\"https:\/\/spreewaldmarathon.de\/wpswm\/ministerpraesident-woidke-gibt-den-startschuss-zum-17-spreewald-marathon\/\" \/>\n<meta property=\"og:locale\" content=\"de_DE\" \/>\n<meta property=\"og:type\" content=\"article\" \/>\n<meta property=\"og:title\" content=\"Brandenburgs Ministerpr\u00e4sident Dietmar Woidke gibt Startschuss zum 17. Spreewaldmarathon 2019 - SPREEWALDMARATHON\" \/>\n<meta property=\"og:description\" content=\"Schon viele Jahre unterst\u00fctzt die Staatskanzlei Potsdam den Spreewaldmarathon und somit die gr\u00f6\u00dfte Breitensportveranstaltung im Land Brandenburg. Der Ministerpr\u00e4sidt des Landes Brandenburg, Dietmar Woidke hat am 28. April 2019, um 10.30 Uhr den Startschuss zum 17. Spreewaldmarathon gegeben. Nur durch die Unterst\u00fctzung der Staatskanzlei und des Ministeriums f\u00fcr Bildung, Jugend und Sport, sowie der 3 Spreewald-Sparkassen ist es \u00fcberhaupt m\u00f6glich den Spreewaldmarathon mit seinem umfangreichen Programm durchzuf\u00fchren. Mit den derzeitigen Startgeb\u00fchren w\u00e4re eine Durchf\u00fchrung kostendeckend undenkbar. Es vergeht kein Jahr, in dem nicht durch zus\u00e4tzliche Auflagen der \u00c4mter neue Gelder notwendig sind, um deren &#8222;W\u00fcnsche&#8220; zu erf\u00fcllen. So steigen allein in diesem Jahr die Kosten f\u00fcr die medizinische Absicherung auf fast das Dreifache. Keiner der \u00c4mter fragt woher das Geld daf\u00fcr kommt! Dies ist nur ein Beispiel der Kostenexplosion.\" \/>\n<meta property=\"og:url\" content=\"https:\/\/spreewaldmarathon.de\/wpswm\/ministerpraesident-woidke-gibt-den-startschuss-zum-17-spreewald-marathon\/\" \/>\n<meta property=\"og:site_name\" content=\"SPREEWALDMARATHON\" \/>\n<meta property=\"article:publisher\" content=\"https:\/\/www.facebook.com\/SpreewaldMarathon\" \/>\n<meta property=\"article:published_time\" content=\"2019-04-28T09:32:55+00:00\" \/>\n<meta property=\"article:modified_time\" content=\"2020-12-14T09:00:36+00:00\" \/>\n<meta property=\"og:image\" content=\"https:\/\/spreewaldmarathon.de\/wpswm\/wp-content\/uploads\/Spreewaldmarathon-2019-Ministerpraesident-Dietmar-Woidke.png\" \/>\n\t<meta property=\"og:image:width\" content=\"1400\" \/>\n\t<meta property=\"og:image:height\" content=\"933\" \/>\n\t<meta property=\"og:image:type\" content=\"image\/png\" \/>\n<meta name=\"author\" content=\"admin\" \/>\n<meta name=\"twitter:card\" content=\"summary_large_image\" \/>\n<meta name=\"twitter:creator\" content=\"@spreewaldmarath\" \/>\n<meta name=\"twitter:site\" content=\"@spreewaldmarath\" \/>\n<meta name=\"twitter:label1\" content=\"Verfasst von\" \/>\n\t<meta name=\"twitter:data1\" content=\"admin\" \/>\n\t<meta name=\"twitter:label2\" content=\"Gesch\u00e4tzte Lesezeit\" \/>\n\t<meta name=\"twitter:data2\" content=\"1\u00a0Minute\" \/>\n<script type=\"application\/ld+json\" class=\"yoast-schema-graph\">{\"@context\":\"https:\/\/schema.org\",\"@graph\":[{\"@type\":\"Article\",\"@id\":\"https:\/\/spreewaldmarathon.de\/wpswm\/ministerpraesident-woidke-gibt-den-startschuss-zum-17-spreewald-marathon\/#article\",\"isPartOf\":{\"@id\":\"https:\/\/spreewaldmarathon.de\/wpswm\/ministerpraesident-woidke-gibt-den-startschuss-zum-17-spreewald-marathon\/\"},\"author\":{\"name\":\"admin\",\"@id\":\"https:\/\/spreewaldmarathon.de\/wpswm\/#\/schema\/person\/7238d5c55e69b824ae15bb904ee0d4b3\"},\"headline\":\"Brandenburgs Ministerpr\u00e4sident Dietmar Woidke gibt Startschuss zum 17. Spreewaldmarathon 2019\",\"datePublished\":\"2019-04-28T09:32:55+00:00\",\"dateModified\":\"2020-12-14T09:00:36+00:00\",\"mainEntityOfPage\":{\"@id\":\"https:\/\/spreewaldmarathon.de\/wpswm\/ministerpraesident-woidke-gibt-den-startschuss-zum-17-spreewald-marathon\/\"},\"wordCount\":148,\"publisher\":{\"@id\":\"https:\/\/spreewaldmarathon.de\/wpswm\/#organization\"},\"image\":{\"@id\":\"https:\/\/spreewaldmarathon.de\/wpswm\/ministerpraesident-woidke-gibt-den-startschuss-zum-17-spreewald-marathon\/#primaryimage\"},\"thumbnailUrl\":\"https:\/\/spreewaldmarathon.de\/wpswm\/wp-content\/uploads\/Spreewaldmarathon-2019-Ministerpraesident-Dietmar-Woidke.png\",\"articleSection\":[\"Aktuelles\",\"R\u00fcckblicke\"],\"inLanguage\":\"de\"},{\"@type\":\"WebPage\",\"@id\":\"https:\/\/spreewaldmarathon.de\/wpswm\/ministerpraesident-woidke-gibt-den-startschuss-zum-17-spreewald-marathon\/\",\"url\":\"https:\/\/spreewaldmarathon.de\/wpswm\/ministerpraesident-woidke-gibt-den-startschuss-zum-17-spreewald-marathon\/\",\"name\":\"Brandenburgs Ministerpr\u00e4sident Dietmar Woidke gibt Startschuss zum 17. Spreewaldmarathon 2019 - SPREEWALDMARATHON\",\"isPartOf\":{\"@id\":\"https:\/\/spreewaldmarathon.de\/wpswm\/#website\"},\"primaryImageOfPage\":{\"@id\":\"https:\/\/spreewaldmarathon.de\/wpswm\/ministerpraesident-woidke-gibt-den-startschuss-zum-17-spreewald-marathon\/#primaryimage\"},\"image\":{\"@id\":\"https:\/\/spreewaldmarathon.de\/wpswm\/ministerpraesident-woidke-gibt-den-startschuss-zum-17-spreewald-marathon\/#primaryimage\"},\"thumbnailUrl\":\"https:\/\/spreewaldmarathon.de\/wpswm\/wp-content\/uploads\/Spreewaldmarathon-2019-Ministerpraesident-Dietmar-Woidke.png\",\"datePublished\":\"2019-04-28T09:32:55+00:00\",\"dateModified\":\"2020-12-14T09:00:36+00:00\",\"breadcrumb\":{\"@id\":\"https:\/\/spreewaldmarathon.de\/wpswm\/ministerpraesident-woidke-gibt-den-startschuss-zum-17-spreewald-marathon\/#breadcrumb\"},\"inLanguage\":\"de\",\"potentialAction\":[{\"@type\":\"ReadAction\",\"target\":[\"https:\/\/spreewaldmarathon.de\/wpswm\/ministerpraesident-woidke-gibt-den-startschuss-zum-17-spreewald-marathon\/\"]}]},{\"@type\":\"ImageObject\",\"inLanguage\":\"de\",\"@id\":\"https:\/\/spreewaldmarathon.de\/wpswm\/ministerpraesident-woidke-gibt-den-startschuss-zum-17-spreewald-marathon\/#primaryimage\",\"url\":\"https:\/\/spreewaldmarathon.de\/wpswm\/wp-content\/uploads\/Spreewaldmarathon-2019-Ministerpraesident-Dietmar-Woidke.png\",\"contentUrl\":\"https:\/\/spreewaldmarathon.de\/wpswm\/wp-content\/uploads\/Spreewaldmarathon-2019-Ministerpraesident-Dietmar-Woidke.png\",\"width\":1400,\"height\":933},{\"@type\":\"BreadcrumbList\",\"@id\":\"https:\/\/spreewaldmarathon.de\/wpswm\/ministerpraesident-woidke-gibt-den-startschuss-zum-17-spreewald-marathon\/#breadcrumb\",\"itemListElement\":[{\"@type\":\"ListItem\",\"position\":1,\"name\":\"Home\",\"item\":\"https:\/\/spreewaldmarathon.de\/wpswm\/\"},{\"@type\":\"ListItem\",\"position\":2,\"name\":\"Brandenburgs Ministerpr\u00e4sident Dietmar Woidke gibt Startschuss zum 17. Spreewaldmarathon 2019\"}]},{\"@type\":\"WebSite\",\"@id\":\"https:\/\/spreewaldmarathon.de\/wpswm\/#website\",\"url\":\"https:\/\/spreewaldmarathon.de\/wpswm\/\",\"name\":\"SPREEWALDMARATHON\",\"description\":\"Alles rund um den Spreewaldmarathon\",\"publisher\":{\"@id\":\"https:\/\/spreewaldmarathon.de\/wpswm\/#organization\"},\"potentialAction\":[{\"@type\":\"SearchAction\",\"target\":{\"@type\":\"EntryPoint\",\"urlTemplate\":\"https:\/\/spreewaldmarathon.de\/wpswm\/?s={search_term_string}\"},\"query-input\":{\"@type\":\"PropertyValueSpecification\",\"valueRequired\":true,\"valueName\":\"search_term_string\"}}],\"inLanguage\":\"de\"},{\"@type\":\"Organization\",\"@id\":\"https:\/\/spreewaldmarathon.de\/wpswm\/#organization\",\"name\":\"Lausitzer Sportevents e.V.\",\"url\":\"https:\/\/spreewaldmarathon.de\/wpswm\/\",\"logo\":{\"@type\":\"ImageObject\",\"inLanguage\":\"de\",\"@id\":\"https:\/\/spreewaldmarathon.de\/wpswm\/#\/schema\/logo\/image\/\",\"url\":\"https:\/\/spreewaldmarathon.de\/wpswm\/wp-content\/uploads\/2020\/06\/Banner_LSE-1.jpg\",\"contentUrl\":\"https:\/\/spreewaldmarathon.de\/wpswm\/wp-content\/uploads\/2020\/06\/Banner_LSE-1.jpg\",\"width\":2211,\"height\":624,\"caption\":\"Lausitzer Sportevents e.V.\"},\"image\":{\"@id\":\"https:\/\/spreewaldmarathon.de\/wpswm\/#\/schema\/logo\/image\/\"},\"sameAs\":[\"https:\/\/www.facebook.com\/SpreewaldMarathon\",\"https:\/\/x.com\/spreewaldmarath\",\"https:\/\/www.instagram.com\/spreewaldmarathon\",\"https:\/\/www.youtube.com\/results?search_query=spreewaldmarathon\",\"https:\/\/de.wikipedia.org\/wiki\/Spreewald-Marathon\"]},{\"@type\":\"Person\",\"@id\":\"https:\/\/spreewaldmarathon.de\/wpswm\/#\/schema\/person\/7238d5c55e69b824ae15bb904ee0d4b3\",\"name\":\"admin\",\"sameAs\":[\"https:\/\/spreewaldmarathon.de\/wpswm\"],\"url\":\"https:\/\/spreewaldmarathon.de\/wpswm\/author\/wpswm_chefredakteur\/\"}]}<\/script>\n<!-- \/ Yoast SEO plugin. -->","yoast_head_json":{"title":"Brandenburgs Ministerpr\u00e4sident Dietmar Woidke gibt Startschuss zum 17. Spreewaldmarathon 2019 - SPREEWALDMARATHON","robots":{"index":"index","follow":"follow","max-snippet":"max-snippet:-1","max-image-preview":"max-image-preview:large","max-video-preview":"max-video-preview:-1"},"canonical":"https:\/\/spreewaldmarathon.de\/wpswm\/ministerpraesident-woidke-gibt-den-startschuss-zum-17-spreewald-marathon\/","og_locale":"de_DE","og_type":"article","og_title":"Brandenburgs Ministerpr\u00e4sident Dietmar Woidke gibt Startschuss zum 17. Spreewaldmarathon 2019 - SPREEWALDMARATHON","og_description":"Schon viele Jahre unterst\u00fctzt die Staatskanzlei Potsdam den Spreewaldmarathon und somit die gr\u00f6\u00dfte Breitensportveranstaltung im Land Brandenburg. Der Ministerpr\u00e4sidt des Landes Brandenburg, Dietmar Woidke hat am 28. April 2019, um 10.30 Uhr den Startschuss zum 17. Spreewaldmarathon gegeben. Nur durch die Unterst\u00fctzung der Staatskanzlei und des Ministeriums f\u00fcr Bildung, Jugend und Sport, sowie der 3 Spreewald-Sparkassen ist es \u00fcberhaupt m\u00f6glich den Spreewaldmarathon mit seinem umfangreichen Programm durchzuf\u00fchren. Mit den derzeitigen Startgeb\u00fchren w\u00e4re eine Durchf\u00fchrung kostendeckend undenkbar. Es vergeht kein Jahr, in dem nicht durch zus\u00e4tzliche Auflagen der \u00c4mter neue Gelder notwendig sind, um deren &#8222;W\u00fcnsche&#8220; zu erf\u00fcllen. So steigen allein in diesem Jahr die Kosten f\u00fcr die medizinische Absicherung auf fast das Dreifache. Keiner der \u00c4mter fragt woher das Geld daf\u00fcr kommt! Dies ist nur ein Beispiel der Kostenexplosion.","og_url":"https:\/\/spreewaldmarathon.de\/wpswm\/ministerpraesident-woidke-gibt-den-startschuss-zum-17-spreewald-marathon\/","og_site_name":"SPREEWALDMARATHON","article_publisher":"https:\/\/www.facebook.com\/SpreewaldMarathon","article_published_time":"2019-04-28T09:32:55+00:00","article_modified_time":"2020-12-14T09:00:36+00:00","og_image":[{"width":1400,"height":933,"url":"https:\/\/spreewaldmarathon.de\/wpswm\/wp-content\/uploads\/Spreewaldmarathon-2019-Ministerpraesident-Dietmar-Woidke.png","type":"image\/png"}],"author":"admin","twitter_card":"summary_large_image","twitter_creator":"@spreewaldmarath","twitter_site":"@spreewaldmarath","twitter_misc":{"Verfasst von":"admin","Gesch\u00e4tzte Lesezeit":"1\u00a0Minute"},"schema":{"@context":"https:\/\/schema.org","@graph":[{"@type":"Article","@id":"https:\/\/spreewaldmarathon.de\/wpswm\/ministerpraesident-woidke-gibt-den-startschuss-zum-17-spreewald-marathon\/#article","isPartOf":{"@id":"https:\/\/spreewaldmarathon.de\/wpswm\/ministerpraesident-woidke-gibt-den-startschuss-zum-17-spreewald-marathon\/"},"author":{"name":"admin","@id":"https:\/\/spreewaldmarathon.de\/wpswm\/#\/schema\/person\/7238d5c55e69b824ae15bb904ee0d4b3"},"headline":"Brandenburgs Ministerpr\u00e4sident Dietmar Woidke gibt Startschuss zum 17. Spreewaldmarathon 2019","datePublished":"2019-04-28T09:32:55+00:00","dateModified":"2020-12-14T09:00:36+00:00","mainEntityOfPage":{"@id":"https:\/\/spreewaldmarathon.de\/wpswm\/ministerpraesident-woidke-gibt-den-startschuss-zum-17-spreewald-marathon\/"},"wordCount":148,"publisher":{"@id":"https:\/\/spreewaldmarathon.de\/wpswm\/#organization"},"image":{"@id":"https:\/\/spreewaldmarathon.de\/wpswm\/ministerpraesident-woidke-gibt-den-startschuss-zum-17-spreewald-marathon\/#primaryimage"},"thumbnailUrl":"https:\/\/spreewaldmarathon.de\/wpswm\/wp-content\/uploads\/Spreewaldmarathon-2019-Ministerpraesident-Dietmar-Woidke.png","articleSection":["Aktuelles","R\u00fcckblicke"],"inLanguage":"de"},{"@type":"WebPage","@id":"https:\/\/spreewaldmarathon.de\/wpswm\/ministerpraesident-woidke-gibt-den-startschuss-zum-17-spreewald-marathon\/","url":"https:\/\/spreewaldmarathon.de\/wpswm\/ministerpraesident-woidke-gibt-den-startschuss-zum-17-spreewald-marathon\/","name":"Brandenburgs Ministerpr\u00e4sident Dietmar Woidke gibt Startschuss zum 17. Spreewaldmarathon 2019 - SPREEWALDMARATHON","isPartOf":{"@id":"https:\/\/spreewaldmarathon.de\/wpswm\/#website"},"primaryImageOfPage":{"@id":"https:\/\/spreewaldmarathon.de\/wpswm\/ministerpraesident-woidke-gibt-den-startschuss-zum-17-spreewald-marathon\/#primaryimage"},"image":{"@id":"https:\/\/spreewaldmarathon.de\/wpswm\/ministerpraesident-woidke-gibt-den-startschuss-zum-17-spreewald-marathon\/#primaryimage"},"thumbnailUrl":"https:\/\/spreewaldmarathon.de\/wpswm\/wp-content\/uploads\/Spreewaldmarathon-2019-Ministerpraesident-Dietmar-Woidke.png","datePublished":"2019-04-28T09:32:55+00:00","dateModified":"2020-12-14T09:00:36+00:00","breadcrumb":{"@id":"https:\/\/spreewaldmarathon.de\/wpswm\/ministerpraesident-woidke-gibt-den-startschuss-zum-17-spreewald-marathon\/#breadcrumb"},"inLanguage":"de","potentialAction":[{"@type":"ReadAction","target":["https:\/\/spreewaldmarathon.de\/wpswm\/ministerpraesident-woidke-gibt-den-startschuss-zum-17-spreewald-marathon\/"]}]},{"@type":"ImageObject","inLanguage":"de","@id":"https:\/\/spreewaldmarathon.de\/wpswm\/ministerpraesident-woidke-gibt-den-startschuss-zum-17-spreewald-marathon\/#primaryimage","url":"https:\/\/spreewaldmarathon.de\/wpswm\/wp-content\/uploads\/Spreewaldmarathon-2019-Ministerpraesident-Dietmar-Woidke.png","contentUrl":"https:\/\/spreewaldmarathon.de\/wpswm\/wp-content\/uploads\/Spreewaldmarathon-2019-Ministerpraesident-Dietmar-Woidke.png","width":1400,"height":933},{"@type":"BreadcrumbList","@id":"https:\/\/spreewaldmarathon.de\/wpswm\/ministerpraesident-woidke-gibt-den-startschuss-zum-17-spreewald-marathon\/#breadcrumb","itemListElement":[{"@type":"ListItem","position":1,"name":"Home","item":"https:\/\/spreewaldmarathon.de\/wpswm\/"},{"@type":"ListItem","position":2,"name":"Brandenburgs Ministerpr\u00e4sident Dietmar Woidke gibt Startschuss zum 17. Spreewaldmarathon 2019"}]},{"@type":"WebSite","@id":"https:\/\/spreewaldmarathon.de\/wpswm\/#website","url":"https:\/\/spreewaldmarathon.de\/wpswm\/","name":"SPREEWALDMARATHON","description":"Alles rund um den Spreewaldmarathon","publisher":{"@id":"https:\/\/spreewaldmarathon.de\/wpswm\/#organization"},"potentialAction":[{"@type":"SearchAction","target":{"@type":"EntryPoint","urlTemplate":"https:\/\/spreewaldmarathon.de\/wpswm\/?s={search_term_string}"},"query-input":{"@type":"PropertyValueSpecification","valueRequired":true,"valueName":"search_term_string"}}],"inLanguage":"de"},{"@type":"Organization","@id":"https:\/\/spreewaldmarathon.de\/wpswm\/#organization","name":"Lausitzer Sportevents e.V.","url":"https:\/\/spreewaldmarathon.de\/wpswm\/","logo":{"@type":"ImageObject","inLanguage":"de","@id":"https:\/\/spreewaldmarathon.de\/wpswm\/#\/schema\/logo\/image\/","url":"https:\/\/spreewaldmarathon.de\/wpswm\/wp-content\/uploads\/2020\/06\/Banner_LSE-1.jpg","contentUrl":"https:\/\/spreewaldmarathon.de\/wpswm\/wp-content\/uploads\/2020\/06\/Banner_LSE-1.jpg","width":2211,"height":624,"caption":"Lausitzer Sportevents e.V."},"image":{"@id":"https:\/\/spreewaldmarathon.de\/wpswm\/#\/schema\/logo\/image\/"},"sameAs":["https:\/\/www.facebook.com\/SpreewaldMarathon","https:\/\/x.com\/spreewaldmarath","https:\/\/www.instagram.com\/spreewaldmarathon","https:\/\/www.youtube.com\/results?search_query=spreewaldmarathon","https:\/\/de.wikipedia.org\/wiki\/Spreewald-Marathon"]},{"@type":"Person","@id":"https:\/\/spreewaldmarathon.de\/wpswm\/#\/schema\/person\/7238d5c55e69b824ae15bb904ee0d4b3","name":"admin","sameAs":["https:\/\/spreewaldmarathon.de\/wpswm"],"url":"https:\/\/spreewaldmarathon.de\/wpswm\/author\/wpswm_chefredakteur\/"}]}},"_links":{"self":[{"href":"https:\/\/spreewaldmarathon.de\/wpswm\/wp-json\/wp\/v2\/posts\/21909"}],"collection":[{"href":"https:\/\/spreewaldmarathon.de\/wpswm\/wp-json\/wp\/v2\/posts"}],"about":[{"href":"https:\/\/spreewaldmarathon.de\/wpswm\/wp-json\/wp\/v2\/types\/post"}],"author":[{"embeddable":true,"href":"https:\/\/spreewaldmarathon.de\/wpswm\/wp-json\/wp\/v2\/users\/1"}],"replies":[{"embeddable":true,"href":"https:\/\/spreewaldmarathon.de\/wpswm\/wp-json\/wp\/v2\/comments?post=21909"}],"version-history":[{"count":10,"href":"https:\/\/spreewaldmarathon.de\/wpswm\/wp-json\/wp\/v2\/posts\/21909\/revisions"}],"predecessor-version":[{"id":22166,"href":"https:\/\/spreewaldmarathon.de\/wpswm\/wp-json\/wp\/v2\/posts\/21909\/revisions\/22166"}],"wp:featuredmedia":[{"embeddable":true,"href":"https:\/\/spreewaldmarathon.de\/wpswm\/wp-json\/wp\/v2\/media\/22148"}],"wp:attachment":[{"href":"https:\/\/spreewaldmarathon.de\/wpswm\/wp-json\/wp\/v2\/media?parent=21909"}],"wp:term":[{"taxonomy":"category","embeddable":true,"href":"https:\/\/spreewaldmarathon.de\/wpswm\/wp-json\/wp\/v2\/categories?post=21909"},{"taxonomy":"post_tag","embeddable":true,"href":"https:\/\/spreewaldmarathon.de\/wpswm\/wp-json\/wp\/v2\/tags?post=21909"}],"curies":[{"name":"wp","href":"https:\/\/api.w.org\/{rel}","templated":true}]}}